{"id":250848,"date":"2024-03-05T15:02:04","date_gmt":"2024-03-05T15:02:04","guid":{"rendered":"https:\/\/hydropower.me\/?p=250848"},"modified":"2025-02-27T01:43:46","modified_gmt":"2025-02-27T01:43:46","slug":"ministerstwo-sportu-i-turystyki-portal-gov-pl-3","status":"publish","type":"post","link":"https:\/\/hydropower.me\/index.php\/2024\/03\/05\/ministerstwo-sportu-i-turystyki-portal-gov-pl-3\/","title":{"rendered":"Ministerstwo Sportu i Turystyki- Portal Gov pl"},"content":{"rendered":"<p>Grzegorz Galica zosta\u0142 w szwedzkim Oestersund wicemistrzem \u015bwiata junior\u00f3w w biathlonowym biegu indywidualnym na 12,5 km. Blisko podium na 10 km by\u0142a Amelia Liszka, kt\u00f3ra przegra\u0142a walk\u0119 o trzecie miejsce o nieca\u0142\u0105 sekund\u0119. My, Ofensywni, o\u015bwiadczamy, \u017ce program &#8220;Ofensywni&#8221; b\u0119dzie prowadzony na luzie, z anegdotami i zagl\u0105da\u0107 b\u0119dziemy wsz\u0119dzie tam, gdzie niekoniecznie chc\u0105 nas wpu\u015bci\u0107.<\/p>\n<p>Inicjatywa ma na celu znacz\u0105ce wzmocnienie bazy sportowej w kraju. Industria Kielce jest na bardzo trudnej pozycji w Lidze Mistrz\u00f3w. Kolejce europejskich rozgrywek, a zadanie jest piekielnie trudne.<\/p>\n<p>1 marca 2021 wesz\u0142o w \u017cycie rozporz\u0105dzenie Rady Ministr\u00f3w z 10 lutego 2021 r. W sprawie zniesienia Ministerstwa Sportu31, tego samego dnia jego zadania przej\u0119\u0142o nowo utworzone Ministerstwo Kultury, Dziedzictwa Narodowego i Sportu32. 1 wrze\u015bnia 2005 rozwi\u0105zano Polsk\u0105 Konfederacj\u0119 Sportu, wy\u0142\u0105czono sport z zakresu obowi\u0105zk\u00f3w resortu edukacji i utworzono Ministerstwo Sportu (zgodnie z rozporz\u0105dzeniem Rady Ministr\u00f3w z dnia 23 sierpnia 200524). Z dniem wej\u015bcia w \u017cycie ustawy z 29 lipca 2005 o sporcie kwalifikowanym pracownicy konfederacji stali si\u0119 pracownikami urz\u0119du obs\u0142uguj\u0105cego ministra w\u0142a\u015bciwego do spraw kultury fizycznej i sportu25. Pierwszym w Polsce organem publicznym zwi\u0105zanym ze sportem by\u0142a Naczelna Rada Wychowania Fizycznego i Przysposobienia Wojskowego, utworzona przy Ministerstwie Wyzna\u0144 Religijnych i O\u015bwiecenia Publicznego rozporz\u0105dzeniem Rady Ministr\u00f3w z 25 kwietnia 19259.<\/p>\n<p>Dyrektorami Urz\u0119du byli Juliusz Ulrych (1927\u20131929), W\u0142adys\u0142aw Kili\u0144ski (1929\u20131935), J\u00f3zef Olszyna-Wilczy\u0144ski (1935\u20131937) oraz Kazimierz Sawicki (1938\u20131939). Ministerstwo Wyzna\u0144 <a href=\"https:\/\/www.forexdemo.info\/20-lat-doswiadczenia-baza-wiedzy-od-udanego-przedsiebiorcy\/\">20 lat do\u015bwiadczenia-baza wiedzy od udanego przedsi\u0119biorcy<\/a> i O\u015bwiecenia w tym czasie r\u00f3wnie\u017c zajmowa\u0142o si\u0119 kwesti\u0105 wychowania fizycznego w szko\u0142ach. 27 lipca 2007 og\u0142oszone zosta\u0142o rozporz\u0105dzenie Rady Ministr\u00f3w z 24 lipca 2007, na podstawie kt\u00f3rego w miejsce dotychczasowego Ministerstwa Sportu utworzono Ministerstwo Sportu i Turystyki (z moc\u0105 od 23 lipca 2007)26. Przekszta\u0142cenie to zwi\u0105zane by\u0142o z w\u0142\u0105czeniem do zakresu dzia\u0142a\u0144 reesortu dzia\u0142u turystyki (we wcze\u015bniejszych latach za sprawy turystyki odpowiada\u0142 od grudnia 1999 resort transportu i gospodarki morskiej27, a nast\u0119pnie od czerwca 2000 resort gospodarki28). W 1973 utworzono Polsk\u0105 Federacj\u0119 Sportu, kt\u00f3r\u0105 do likwidacji w 1978 kierowa\u0142 Marian Renke12, a kt\u00f3rej GKKFiT przekaza\u0142 cz\u0119\u015b\u0107 swoich zada\u0144. Statutowym celem organizacji by\u0142 rozw\u00f3j sportu kwalifikowanego.<\/p>\n<p>26 pa\u017adziernika 2021 przywr\u00f3cono samodzielny resort ds. Po utworzeniu dzia\u0142\u00f3w administracji rz\u0105dowej sprawy dzia\u0142u kultura fizyczna i sport znalaz\u0142y si\u0119 od grudnia 1999 w strukturach Ministerstwa Edukacji Narodowej20. W pa\u017adzierniku 2001 rozwi\u0105zywanie zagadnie\u0144 z zakresu kultury fizycznej w spo\u0142ecze\u0144stwie przeniesiono do Ministerstwa Edukacji Narodowej i Sportu pod kierownictwem Krystyny \u0141ybackiej21. W rzeczywisto\u015bci jednak w\u0142adztwo nad sportem, zw\u0142aszcza wyczynowym, przej\u0119\u0142a utworzona 1 lipca 2002 Polska Konfederacja Sportu22. Jej pierwszym prezesem zosta\u0142 Giersz (pe\u0142ni\u0142 t\u0119 funkcj\u0119 do ko\u0144ca roku), kt\u00f3rego w styczniu 2003 zast\u0105pi\u0142 Andrzej Kra\u015bnicki23.<\/p>\n<p>Rywalem wicelidera polskiej ligi b\u0119dzie Nantes, wicelider grupy B. Szwedzi i Norwegowie <a href=\"https:\/\/www.tradercalculator.site\/wybor-brokera-forex\/\">Wyb\u00f3r Brokera Forex<\/a> podczas \u015brodowych trening\u00f3w na obiektach Granasen spotkali si\u0119 z komplikacjami. Obie reprezentacje narzekaj\u0105 na z\u0142y stan tras, na kt\u00f3rych od czwartku odbywa\u0107 mistrzostwa \u015bwiata w narciarstwie klasycznym. Ci pierwsi przenie\u015bli nawet sw\u00f3j trening w inne miejsce. \u2014 Tutaj jest po prostu \u015bmiertelnie niebezpiecznie \u2014 powiedzia\u0142 szwedzki gwiazdor Edvin Anger.<\/p>\n<p>&#8220;To by\u0142a dla mnie bardzo trudna decyzja, ale <a href=\"https:\/\/www.forexgenerator.net\/pieniadze-forex-system\/\">Oprogramowanie systemu handlu pieni\u0119dzmi Forex<\/a> nigdy nie \u017ca\u0142owa\u0142em, \u017ce j\u0105 podj\u0105\u0142em&#8221; \u2014 powiedzia\u0142 cytowany przez portal thisdaylive.com Emmanuel Olisadebe, zapytany o okoliczno\u015bci wyst\u0119p\u00f3w w polskiej kadrze. Napastnik, kt\u00f3ry by\u0142 absolutn\u0105 gwiazd\u0105 eliminacji do mistrzostw \u015bwiata w 2002 r., mimo pocz\u0105tkowych trudno\u015bci, by\u0142 w stanie skra\u015b\u0107 serca polskich kibic\u00f3w. Po latach wskaza\u0142 jedn\u0105 z g\u0142\u00f3wnych przyczyn wybrania gry dla w\u0142a\u015bnie naszej kadry. Ministerstwo Sportu i Turystyki og\u0142osi\u0142o ambitne plany rozwoju infrastruktury sportowej na rok 2025. Podczas konferencji prasowej w Warszawie przedstawiciele ministerstwa zapowiedzieli budow\u0119 pe\u0142nowymiarowych boisk pi\u0142karskich, p\u0142ywalni i lodowisk.<\/p>\n<p>W ka\u017cd\u0105 \u015brod\u0119, o godzinie 20, Piotr Wo\u0142osik i \u0141ukasz Olkowicz zabior\u0105 kibic\u00f3w w wycieczk\u0119 pi\u0142karsk\u0105, w kt\u00f3rej nie zabraknie barwnych historii, \u015bwietnych anegdot, a przede wszystkim news\u00f3w, czyli w\u0142a\u015bnie tego, co kibice lubi\u0105 najbardziej. PS\u017b Pozna\u0144 by\u0142 najwi\u0119ksz\u0105 pozytywn\u0105 niespodziank\u0105 poprzednich rozgrywek, ko\u0144cz\u0105c sezon dopiero na p\u00f3\u0142finale play-off\u00f3w Metalkas 2. W tym roku &#8220;Skorpionom&#8221; b\u0119dzie jednak znacznie trudniej o powt\u00f3rzenie tego wyniku, poniewa\u017c straci\u0142y swojego kapitana, Aleksandra \u0141oktajewa oraz najskuteczniejszego juniora, Kacpra Grzelaka. W miejsce tego drugiego \u015bci\u0105gni\u0119to wychowanka Unii Leszno, 18-letniego Tobiasza Jakuba Musielaka. Wiceminister Ireneusz Ra\u015b zaznaczy\u0142, \u017ce zmienia si\u0119 filozofia finansowania, a cz\u0119\u015b\u0107 \u015brodk\u00f3w zostanie zdecentralizowana do wojew\u00f3dztw.<\/p>\n<p>Sportu by\u0142 G\u0142\u00f3wny Komitet Kultury Fizycznej, zajmuj\u0105cy si\u0119 kultur\u0105 fizyczn\u0105 i sportem, a od kwietnia 1954 r\u00f3wnie\u017c turystyk\u0105 (w zwi\u0105zku z przej\u0119ciem nadzoru nad istniej\u0105cym od 1952 Komitetem do Spraw Turystyki13). Na czele GKKF stali kolejno Lucjan Motyka (w latach 1949\u20131950 jako dyrektor, w latach 1950\u20131951 jako przewodnicz\u0105cy), J\u00f3zef Faruga (1951\u20131952) i W\u0142odzimierz Reczek (1952\u20131960)14. Nadzorowany przez Prezesa Rady Ministr\u00f3w GKKF w 1960 zosta\u0142 przemianowany na G\u0142\u00f3wny Komitet Kultury Fizycznej i Turystyki (przewodzili mu w latach 1960\u20131973 Reczek i w latach 1973\u20131978 Boles\u0142aw Kapitan). W latach 2005\u20132007 oraz 2019\u20132021 resort (w zwi\u0105zku z wy\u0142\u0105czeniem z niego dzia\u0142u turystyka) funkcjonowa\u0142 pod nazw\u0105 Ministerstwo Sportu, za\u015b w 2021 zosta\u0142 na kilka miesi\u0119cy po\u0142\u0105czony z resortem kultury.<\/p>\n<p>Przewodnicz\u0105cego Komitetu by\u0142 Zygmunt Lenkiewicz15. Do g\u0142\u00f3wnych zada\u0144 ministra nale\u017cy upowszechnianie sportu i promowanie aktywno\u015bci fizycznej, a tak\u017ce tworzenie warunk\u00f3w dla rozwoju sportu powszechnego, sportu wyczynowego, sportu m\u0142odzie\u017cowego i sportu os\u00f3b z niepe\u0142nosprawno\u015bciami. Zgodnie z ustaw\u0105 z 25 czerwca 2010 o sporcie minister sprawuje nadz\u00f3r na dzia\u0142alno\u015bci\u0105 polskich zwi\u0105zk\u00f3w sportowych, mo\u017ce r\u00f3wnie\u017c dofinansowywa\u0107 uprawianie lub organizowanie sportu oraz jego promocj\u01193. Dekretem z 16 stycznia 1946 Pa\u0144stwowy Urz\u0105d Wychowania Fizycznego i Przysposobienia Wojskowego zosta\u0142 utworzony na nowo11. Kierowa\u0142 nim Tadeusz Kuchar12, kt\u00f3ry od lutego 1948 szefowa\u0142 powo\u0142anemu w miejsce PUWFiPW G\u0142\u00f3wnemu Urz\u0119dowi Kultury Fizycznej. Od grudnia 1949 centralnym organem administracji pa\u0144stwowej ds.<\/p>\n<p>Wp\u0142yw na tak\u0105 decyzj\u0119 ma zapewne sytuacja, do kt\u00f3rej dosz\u0142o po ostatnim starciu tych ekip, jeszcze w fazie ligowej. Minister Nitras poinformowa\u0142 r\u00f3wnie\u017c, \u017ce w bud\u017cecie na przysz\u0142y rok przewidziano fundusze na odbudow\u0119 i modernizacj\u0119 obiekt\u00f3w sportowych zniszczonych podczas wrze\u015bniowej powodzi na po\u0142udniu Polski. Minister S\u0142awomir Nitras podkre\u015bli\u0142, \u017ce zmiany b\u0119d\u0105 systemowe i maj\u0105 na celu popraw\u0119 dost\u0119pno\u015bci do obiekt\u00f3w sportowych. Ju\u017c w grudniu potencjalni beneficjenci zostan\u0105 poinformowani o dost\u0119pnych bud\u017cetach i preferowanych programach. Ministerstwo chce, aby wnioski o dofinansowanie by\u0142y por\u00f3wnywalne, co ma zapewni\u0107 transparentno\u015b\u0107 procesu.<\/p>\n<p>Kontynuowane b\u0119dzie finansowanie modernizacji orlik\u00f3w, a nowo\u015bci\u0105 b\u0119dzie wsparcie dla pe\u0142nowymiarowych p\u0142yt pi\u0142karskich. Programy obejm\u0105 tak\u017ce modernizacj\u0119 obiekt\u00f3w tenisowych oraz budow\u0119 p\u0142ywalni i lodowisk. Siedziba ministerstwa znajduje si\u0119 w pa\u0142acu Blanka przy ul. \u2013 W ramach zada\u0144 nr 3 i 4 naboru, wy\u0142onieni zostan\u0105 jedynie operatorzy krajowi, kt\u00f3ry nast\u0119pnie przeprowadz\u0105 rekrutacj\u0119 w zakresie ww.<\/p>\n<p>W 1978 z zakresu dzia\u0142a\u0144 Komitetu wy\u0142\u0105czono turystyk\u0119, a w jej miejsce wpisano sport. GKKFiT podzielony zosta\u0142 na G\u0142\u00f3wny Komitet Kultury Fizycznej i Sportu (z Renkem jako przewodnicz\u0105cym) oraz na G\u0142\u00f3wny Komitet Turystyki. W 1985 obie struktury ponownie po\u0142\u0105czono w G\u0142\u00f3wny Komitet Kultury Fizycznej i Turystyki, kt\u00f3rym do 1987 kierowa\u0142 Kapitan. W latach 1987\u20131991 urz\u0105d funkcjonowa\u0142 pod szyldem Komitetu do Spraw M\u0142odzie\u017cy i Kultury Fizycznej, a przewodniczy\u0142 mu Aleksander Kwa\u015bniewski (w latach 1985\u20131989 r\u00f3wnolegle pe\u0142ni\u0142 urz\u0105d ministra-cz\u0142onka Rady Ministr\u00f3w).<\/p>\n","protected":false},"excerpt":{"rendered":"<p>Grzegorz Galica zosta\u0142 w szwedzkim Oestersund wicemistrzem \u015bwiata junior\u00f3w w biathlonowym biegu indywidualnym na 12,5 km. Blisko podium na 10 km by\u0142a Amelia Liszka, kt\u00f3ra przegra\u0142a walk\u0119 o trzecie miejsce o nieca\u0142\u0105 sekund\u0119. My, Ofensywni, o\u015bwiadczamy, \u017ce program &#8220;Ofensywni&#8221; b\u0119dzie prowadzony na luzie, z anegdotami i zagl\u0105da\u0107 b\u0119dziemy wsz\u0119dzie tam, gdzie niekoniecznie chc\u0105 nas wpu\u015bci\u0107.&hellip;<\/p>\n","protected":false},"author":2,"featured_media":0,"comment_status":"closed","ping_status":"closed","sticky":false,"template":"","format":"standard","meta":{"footnotes":""},"categories":[85],"tags":[],"class_list":["post-250848","post","type-post","status-publish","format-standard","hentry","category-forex-trading-2","category-85","description-off"],"_links":{"self":[{"href":"https:\/\/hydropower.me\/index.php\/wp-json\/wp\/v2\/posts\/250848","targetHints":{"allow":["GET"]}}],"collection":[{"href":"https:\/\/hydropower.me\/index.php\/wp-json\/wp\/v2\/posts"}],"about":[{"href":"https:\/\/hydropower.me\/index.php\/wp-json\/wp\/v2\/types\/post"}],"author":[{"embeddable":true,"href":"https:\/\/hydropower.me\/index.php\/wp-json\/wp\/v2\/users\/2"}],"replies":[{"embeddable":true,"href":"https:\/\/hydropower.me\/index.php\/wp-json\/wp\/v2\/comments?post=250848"}],"version-history":[{"count":1,"href":"https:\/\/hydropower.me\/index.php\/wp-json\/wp\/v2\/posts\/250848\/revisions"}],"predecessor-version":[{"id":250849,"href":"https:\/\/hydropower.me\/index.php\/wp-json\/wp\/v2\/posts\/250848\/revisions\/250849"}],"wp:attachment":[{"href":"https:\/\/hydropower.me\/index.php\/wp-json\/wp\/v2\/media?parent=250848"}],"wp:term":[{"taxonomy":"category","embeddable":true,"href":"https:\/\/hydropower.me\/index.php\/wp-json\/wp\/v2\/categories?post=250848"},{"taxonomy":"post_tag","embeddable":true,"href":"https:\/\/hydropower.me\/index.php\/wp-json\/wp\/v2\/tags?post=250848"}],"curies":[{"name":"wp","href":"https:\/\/api.w.org\/{rel}","templated":true}]}}